{"id":2401,"date":"2023-03-13T22:29:30","date_gmt":"2023-03-13T21:29:30","guid":{"rendered":"http:\/\/gobernacionsanmarcos.gob.gt\/wp\/?p=2401"},"modified":"2023-03-13T22:37:16","modified_gmt":"2023-03-13T21:37:16","slug":"mesa-departamental-aborda-migracion-y-cambio-climatico","status":"publish","type":"post","link":"https:\/\/gobernacionsanmarcos.gob.gt\/wp\/mesa-departamental-aborda-migracion-y-cambio-climatico\/","title":{"rendered":"Mesa Departamental aborda Migraci\u00f3n y cambio clim\u00e1tico"},"content":{"rendered":"\t\t<div data-elementor-type=\"wp-post\" data-elementor-id=\"2401\" class=\"elementor elementor-2401\">\n\t\t\t\t\t\t<section class=\"elementor-section elementor-top-section elementor-element elementor-element-7fbfd4b elementor-section-boxed elementor-section-height-default elementor-section-height-default\" data-id=\"7fbfd4b\" data-element_type=\"section\">\n\t\t\t\t\t\t<div class=\"elementor-container elementor-column-gap-default\">\n\t\t\t\t\t<div class=\"elementor-column elementor-col-50 elementor-top-column elementor-element elementor-element-a475fee\" data-id=\"a475fee\" data-element_type=\"column\">\n\t\t\t<div class=\"elementor-widget-wrap elementor-element-populated\">\n\t\t\t\t\t\t<div class=\"elementor-element elementor-element-8c5602c elementor-widget-divider--view-line elementor-widget elementor-widget-divider\" data-id=\"8c5602c\" data-element_type=\"widget\" data-widget_type=\"divider.default\">\n\t\t\t\t<div class=\"elementor-widget-container\">\n\t\t\t\t\t\t\t<div class=\"elementor-divider\">\n\t\t\t<span class=\"elementor-divider-separator\">\n\t\t\t\t\t\t<\/span>\n\t\t<\/div>\n\t\t\t\t\t\t<\/div>\n\t\t\t\t<\/div>\n\t\t\t\t<div class=\"elementor-element elementor-element-bfb5a2f elementor-widget elementor-widget-text-editor\" data-id=\"bfb5a2f\" data-element_type=\"widget\" data-widget_type=\"text-editor.default\">\n\t\t\t\t<div class=\"elementor-widget-container\">\n\t\t\t\t\t\t\t\t\t<p>La Gobernaci\u00f3n Departamental de San Marcos, como ente coordinador de la Mesa Departamental de Migraci\u00f3n y Seguridad Humana, particip\u00f3 en la reuni\u00f3n ordinaria en la que se enfocaron en la adaptabilidad al cambio clim\u00e1tico para estar preparados y accionar para reducir los riesgos para este sector de la poblaci\u00f3n guatemalteca y de otros pa\u00edses que utilizan el territorio marquense como tr\u00e1nsito hacia M\u00e9xico, Estados Unidos y Canad\u00e1.<\/p><p>\u201cCon el apoyo de la Organizaci\u00f3n Internacional para las Migraciones y ACNUR, estamos abordando la tem\u00e1tica del cambio clim\u00e1tico y su incidencia en la migraci\u00f3n, ya que se han empezado a incrementar los riesgos para las personas que migran de manera irregular a consecuencia del cambio clim\u00e1tico y tenemos que estar preparados para atender a las personas que viajan hacia los pa\u00edses del Norte de Am\u00e9rica\u201d expres\u00f3 el Gobernador de San Marcos.<\/p>\t\t\t\t\t\t\t\t<\/div>\n\t\t\t\t<\/div>\n\t\t\t\t<div class=\"elementor-element elementor-element-51df2ab elementor-widget elementor-widget-image\" data-id=\"51df2ab\" data-element_type=\"widget\" data-widget_type=\"image.default\">\n\t\t\t\t<div class=\"elementor-widget-container\">\n\t\t\t\t\t\t\t\t\t\t\t\t\t\t\t<img fetchpriority=\"high\" decoding=\"async\" width=\"1024\" height=\"682\" src=\"https:\/\/gobernacionsanmarcos.gob.gt\/wp\/wp-content\/uploads\/2023\/03\/WhatsApp-Image-2023-03-13-at-3.24.52-PM.jpeg\" class=\"attachment-large size-large wp-image-2404\" alt=\"\" \/>\t\t\t\t\t\t\t\t\t\t\t\t\t\t\t<\/div>\n\t\t\t\t<\/div>\n\t\t\t\t\t<\/div>\n\t\t<\/div>\n\t\t\t\t<div class=\"elementor-column elementor-col-50 elementor-top-column elementor-element elementor-element-ec8cc3d\" data-id=\"ec8cc3d\" data-element_type=\"column\">\n\t\t\t<div class=\"elementor-widget-wrap elementor-element-populated\">\n\t\t\t\t\t\t<div class=\"elementor-element elementor-element-e024998 elementor-widget elementor-widget-image\" data-id=\"e024998\" data-element_type=\"widget\" data-widget_type=\"image.default\">\n\t\t\t\t<div class=\"elementor-widget-container\">\n\t\t\t\t\t\t\t\t\t\t\t\t\t\t\t<img decoding=\"async\" width=\"1600\" height=\"1066\" src=\"https:\/\/gobernacionsanmarcos.gob.gt\/wp\/wp-content\/uploads\/2023\/03\/WhatsApp-Image-2023-03-13-at-3.24.55-PM.jpeg\" class=\"attachment-full size-full wp-image-2403\" alt=\"\" \/>\t\t\t\t\t\t\t\t\t\t\t\t\t\t\t<\/div>\n\t\t\t\t<\/div>\n\t\t\t\t<div class=\"elementor-element elementor-element-9b8216d elementor-widget elementor-widget-image\" data-id=\"9b8216d\" data-element_type=\"widget\" data-widget_type=\"image.default\">\n\t\t\t\t<div class=\"elementor-widget-container\">\n\t\t\t\t\t\t\t\t\t\t\t\t\t\t\t<img decoding=\"async\" width=\"1024\" height=\"682\" src=\"https:\/\/gobernacionsanmarcos.gob.gt\/wp\/wp-content\/uploads\/2023\/03\/WhatsApp-Image-2023-03-13-at-3.24.54-PM-1.jpeg\" class=\"attachment-large size-large wp-image-2405\" alt=\"\" \/>\t\t\t\t\t\t\t\t\t\t\t\t\t\t\t<\/div>\n\t\t\t\t<\/div>\n\t\t\t\t\t<\/div>\n\t\t<\/div>\n\t\t\t\t\t<\/div>\n\t\t<\/section>\n\t\t\t\t<section class=\"elementor-section elementor-top-section elementor-element elementor-element-3faa780 elementor-section-boxed elementor-section-height-default elementor-section-height-default\" data-id=\"3faa780\" data-element_type=\"section\">\n\t\t\t\t\t\t<div class=\"elementor-container elementor-column-gap-default\">\n\t\t\t\t\t<div class=\"elementor-column elementor-col-100 elementor-top-column elementor-element elementor-element-1aa89ca\" data-id=\"1aa89ca\" data-element_type=\"column\">\n\t\t\t<div class=\"elementor-widget-wrap elementor-element-populated\">\n\t\t\t\t\t\t<div class=\"elementor-element elementor-element-19129db elementor-widget elementor-widget-spacer\" data-id=\"19129db\" data-element_type=\"widget\" data-widget_type=\"spacer.default\">\n\t\t\t\t<div class=\"elementor-widget-container\">\n\t\t\t\t\t\t\t<div class=\"elementor-spacer\">\n\t\t\t<div class=\"elementor-spacer-inner\"><\/div>\n\t\t<\/div>\n\t\t\t\t\t\t<\/div>\n\t\t\t\t<\/div>\n\t\t\t\t<div class=\"elementor-element elementor-element-443f6fe elementor-widget elementor-widget-html\" data-id=\"443f6fe\" data-element_type=\"widget\" data-widget_type=\"html.default\">\n\t\t\t\t<div class=\"elementor-widget-container\">\n\t\t\t\t\t<iframe src=\"https:\/\/www.facebook.com\/plugins\/video.php?height=314&href=https%3A%2F%2Fwww.facebook.com%2Fgobernacionsanmarcosoficial%2Fvideos%2F488225799862984%2F&show_text=false&width=560&t=0\" width=\"560\" height=\"560\" style=\"border:none;overflow:hidden\" scrolling=\"no\" frameborder=\"0\" allowfullscreen=\"true\" allow=\"autoplay; clipboard-write; encrypted-media; picture-in-picture; web-share\" allowFullScreen=\"true\"><\/iframe>\t\t\t\t<\/div>\n\t\t\t\t<\/div>\n\t\t\t\t\t<\/div>\n\t\t<\/div>\n\t\t\t\t\t<\/div>\n\t\t<\/section>\n\t\t\t\t<\/div>\n\t\t","protected":false},"excerpt":{"rendered":"<p>La Gobernaci\u00f3n Departamental de San Marcos, como ente coordinador de la Mesa Departamental de Migraci\u00f3n y Seguridad Humana, particip\u00f3 en la reuni\u00f3n ordinaria en la que se enfocaron en la adaptabilidad al cambio clim\u00e1tico para estar preparados y accionar para reducir los riesgos para este sector de la poblaci\u00f3n guatemalteca y de otros pa\u00edses que [&hellip;]<\/p>\n","protected":false},"author":3,"featured_media":2403,"comment_status":"closed","ping_status":"closed","sticky":false,"template":"","format":"standard","meta":{"site-sidebar-layout":"default","site-content-layout":"","ast-site-content-layout":"","site-content-style":"default","site-sidebar-style":"default","ast-global-header-display":"","ast-banner-title-visibility":"","ast-main-header-display":"","ast-hfb-above-header-display":"","ast-hfb-below-header-display":"","ast-hfb-mobile-header-display":"","site-post-title":"","ast-breadcrumbs-content":"","ast-featured-img":"disabled","footer-sml-layout":"","theme-transparent-header-meta":"","adv-header-id-meta":"","stick-header-meta":"","header-above-stick-meta":"","header-main-stick-meta":"","header-below-stick-meta":"","astra-migrate-meta-layouts":"default","ast-page-background-enabled":"default","ast-page-background-meta":{"desktop":{"background-color":"","background-image":"","background-repeat":"repeat","background-position":"center center","background-size":"auto","background-attachment":"scroll","background-type":"","background-media":"","overlay-type":"","overlay-color":"","overlay-opacity":"","overlay-gradient":""},"tablet":{"background-color":"","background-image":"","background-repeat":"repeat","background-position":"center center","background-size":"auto","background-attachment":"scroll","background-type":"","background-media":"","overlay-type":"","overlay-color":"","overlay-opacity":"","overlay-gradient":""},"mobile":{"background-color":"","background-image":"","background-repeat":"repeat","background-position":"center center","background-size":"auto","background-attachment":"scroll","background-type":"","background-media":"","overlay-type":"","overlay-color":"","overlay-opacity":"","overlay-gradient":""}},"ast-content-background-meta":{"desktop":{"background-color":"var(--ast-global-color-5)","background-image":"","background-repeat":"repeat","background-position":"center center","background-size":"auto","background-attachment":"scroll","background-type":"","background-media":"","overlay-type":"","overlay-color":"","overlay-opacity":"","overlay-gradient":""},"tablet":{"background-color":"var(--ast-global-color-5)","background-image":"","background-repeat":"repeat","background-position":"center center","background-size":"auto","background-attachment":"scroll","background-type":"","background-media":"","overlay-type":"","overlay-color":"","overlay-opacity":"","overlay-gradient":""},"mobile":{"background-color":"var(--ast-global-color-5)","background-image":"","background-repeat":"repeat","background-position":"center center","background-size":"auto","background-attachment":"scroll","background-type":"","background-media":"","overlay-type":"","overlay-color":"","overlay-opacity":"","overlay-gradient":""}},"footnotes":""},"categories":[9],"tags":[],"class_list":["post-2401","post","type-post","status-publish","format-standard","has-post-thumbnail","hentry","category-noticias"],"_links":{"self":[{"href":"https:\/\/gobernacionsanmarcos.gob.gt\/wp\/wp-json\/wp\/v2\/posts\/2401","targetHints":{"allow":["GET"]}}],"collection":[{"href":"https:\/\/gobernacionsanmarcos.gob.gt\/wp\/wp-json\/wp\/v2\/posts"}],"about":[{"href":"https:\/\/gobernacionsanmarcos.gob.gt\/wp\/wp-json\/wp\/v2\/types\/post"}],"author":[{"embeddable":true,"href":"https:\/\/gobernacionsanmarcos.gob.gt\/wp\/wp-json\/wp\/v2\/users\/3"}],"replies":[{"embeddable":true,"href":"https:\/\/gobernacionsanmarcos.gob.gt\/wp\/wp-json\/wp\/v2\/comments?post=2401"}],"version-history":[{"count":5,"href":"https:\/\/gobernacionsanmarcos.gob.gt\/wp\/wp-json\/wp\/v2\/posts\/2401\/revisions"}],"predecessor-version":[{"id":2409,"href":"https:\/\/gobernacionsanmarcos.gob.gt\/wp\/wp-json\/wp\/v2\/posts\/2401\/revisions\/2409"}],"wp:featuredmedia":[{"embeddable":true,"href":"https:\/\/gobernacionsanmarcos.gob.gt\/wp\/wp-json\/wp\/v2\/media\/2403"}],"wp:attachment":[{"href":"https:\/\/gobernacionsanmarcos.gob.gt\/wp\/wp-json\/wp\/v2\/media?parent=2401"}],"wp:term":[{"taxonomy":"category","embeddable":true,"href":"https:\/\/gobernacionsanmarcos.gob.gt\/wp\/wp-json\/wp\/v2\/categories?post=2401"},{"taxonomy":"post_tag","embeddable":true,"href":"https:\/\/gobernacionsanmarcos.gob.gt\/wp\/wp-json\/wp\/v2\/tags?post=2401"}],"curies":[{"name":"wp","href":"https:\/\/api.w.org\/{rel}","templated":true}]}}