{"id":2491,"date":"2023-03-09T10:00:30","date_gmt":"2023-03-09T09:00:30","guid":{"rendered":"http:\/\/gobernacionsanmarcos.gob.gt\/wp\/?p=2491"},"modified":"2023-03-14T16:18:54","modified_gmt":"2023-03-14T15:18:54","slug":"san-marcos-conmemora-dia-por-la-vida-y-la-familia","status":"publish","type":"post","link":"https:\/\/gobernacionsanmarcos.gob.gt\/wp\/san-marcos-conmemora-dia-por-la-vida-y-la-familia\/","title":{"rendered":"San Marcos Conmemora d\u00eda por la vida y la familia"},"content":{"rendered":"\t\t<div data-elementor-type=\"wp-post\" data-elementor-id=\"2491\" class=\"elementor elementor-2491\">\n\t\t\t\t\t\t<section class=\"elementor-section elementor-top-section elementor-element elementor-element-7fbfd4b elementor-section-boxed elementor-section-height-default elementor-section-height-default\" data-id=\"7fbfd4b\" data-element_type=\"section\">\n\t\t\t\t\t\t<div class=\"elementor-container elementor-column-gap-default\">\n\t\t\t\t\t<div class=\"elementor-column elementor-col-50 elementor-top-column elementor-element elementor-element-a475fee\" data-id=\"a475fee\" data-element_type=\"column\">\n\t\t\t<div class=\"elementor-widget-wrap elementor-element-populated\">\n\t\t\t\t\t\t<div class=\"elementor-element elementor-element-8c5602c elementor-widget-divider--view-line elementor-widget elementor-widget-divider\" data-id=\"8c5602c\" data-element_type=\"widget\" data-widget_type=\"divider.default\">\n\t\t\t\t<div class=\"elementor-widget-container\">\n\t\t\t\t\t\t\t<div class=\"elementor-divider\">\n\t\t\t<span class=\"elementor-divider-separator\">\n\t\t\t\t\t\t<\/span>\n\t\t<\/div>\n\t\t\t\t\t\t<\/div>\n\t\t\t\t<\/div>\n\t\t\t\t<div class=\"elementor-element elementor-element-bfb5a2f elementor-widget elementor-widget-text-editor\" data-id=\"bfb5a2f\" data-element_type=\"widget\" data-widget_type=\"text-editor.default\">\n\t\t\t\t<div class=\"elementor-widget-container\">\n\t\t\t\t\t\t\t\t\t<p>La Gobernaci\u00f3n Departamental de San Marcos, encabez\u00f3 el acto conmemorativo del D\u00eda por La Vida y la Institucionalidad de la Familia seg\u00fan Decreto 9-2022, en el que se establece que los tres organismos de Estado deber\u00e1n implementar acciones que resalten la importancia del respeto por la vida y la familia, principalmente accionar al no aborto y el no a la violencia.<\/p><p>\u201cLa Ley tiene como prop\u00f3sito que los tres Organismos de Estado deben realizar los actos conmemorativos pertinentes al D\u00eda por la Vida y la Familia que desde el a\u00f1o pasado se estableci\u00f3 el 9 de marzo de cada a\u00f1o, para promover el no al aborto y el no a la violencia. Se busca evidenciar la obligaci\u00f3n estatal en la creaci\u00f3n e implementaci\u00f3n de pol\u00edticas p\u00fablicas encaminadas a la concientizaci\u00f3n de la poblaci\u00f3n sobre el respeto a la vida y a la familia. El Gobierno de Guatemala al respecto de la Pol\u00edtica P\u00fablica de Protecci\u00f3n a la Vida y la Institucionalidad de la Familia, aglutina 99 programas ministeriales que garantizan el desarrollo integral de las familias guatemaltecas\u201d explic\u00f3 el Gobernador de San Marcos.<\/p>\t\t\t\t\t\t\t\t<\/div>\n\t\t\t\t<\/div>\n\t\t\t\t<div class=\"elementor-element elementor-element-9b8216d elementor-widget elementor-widget-image\" data-id=\"9b8216d\" data-element_type=\"widget\" data-widget_type=\"image.default\">\n\t\t\t\t<div class=\"elementor-widget-container\">\n\t\t\t\t\t\t\t\t\t\t\t\t\t\t\t<img fetchpriority=\"high\" decoding=\"async\" width=\"1024\" height=\"682\" src=\"https:\/\/gobernacionsanmarcos.gob.gt\/wp\/wp-content\/uploads\/2023\/03\/WhatsApp-Image-2023-03-09-at-5.01.34-PM-1.jpeg\" class=\"attachment-large size-large wp-image-2499\" alt=\"\" \/>\t\t\t\t\t\t\t\t\t\t\t\t\t\t\t<\/div>\n\t\t\t\t<\/div>\n\t\t\t\t\t<\/div>\n\t\t<\/div>\n\t\t\t\t<div class=\"elementor-column elementor-col-50 elementor-top-column elementor-element elementor-element-ec8cc3d\" data-id=\"ec8cc3d\" data-element_type=\"column\">\n\t\t\t<div class=\"elementor-widget-wrap elementor-element-populated\">\n\t\t\t\t\t\t<div class=\"elementor-element elementor-element-e024998 elementor-widget elementor-widget-image\" data-id=\"e024998\" data-element_type=\"widget\" data-widget_type=\"image.default\">\n\t\t\t\t<div class=\"elementor-widget-container\">\n\t\t\t\t\t\t\t\t\t\t\t\t\t\t\t<img decoding=\"async\" width=\"1600\" height=\"1066\" src=\"https:\/\/gobernacionsanmarcos.gob.gt\/wp\/wp-content\/uploads\/2023\/03\/WhatsApp-Image-2023-03-09-at-5.01.36-PM-1.jpeg\" class=\"attachment-full size-full wp-image-2493\" alt=\"\" \/>\t\t\t\t\t\t\t\t\t\t\t\t\t\t\t<\/div>\n\t\t\t\t<\/div>\n\t\t\t\t<div class=\"elementor-element elementor-element-51df2ab elementor-widget elementor-widget-image\" data-id=\"51df2ab\" data-element_type=\"widget\" data-widget_type=\"image.default\">\n\t\t\t\t<div class=\"elementor-widget-container\">\n\t\t\t\t\t\t\t\t\t\t\t\t\t\t\t<img decoding=\"async\" width=\"1024\" height=\"682\" src=\"https:\/\/gobernacionsanmarcos.gob.gt\/wp\/wp-content\/uploads\/2023\/03\/WhatsApp-Image-2023-03-09-at-5.01.35-PM.jpeg\" class=\"attachment-large size-large wp-image-2500\" alt=\"\" \/>\t\t\t\t\t\t\t\t\t\t\t\t\t\t\t<\/div>\n\t\t\t\t<\/div>\n\t\t\t\t\t<\/div>\n\t\t<\/div>\n\t\t\t\t\t<\/div>\n\t\t<\/section>\n\t\t\t\t<section class=\"elementor-section elementor-top-section elementor-element elementor-element-3faa780 elementor-section-boxed elementor-section-height-default elementor-section-height-default\" data-id=\"3faa780\" data-element_type=\"section\">\n\t\t\t\t\t\t<div class=\"elementor-container elementor-column-gap-default\">\n\t\t\t\t\t<div class=\"elementor-column elementor-col-100 elementor-top-column elementor-element elementor-element-1aa89ca\" data-id=\"1aa89ca\" data-element_type=\"column\">\n\t\t\t<div class=\"elementor-widget-wrap elementor-element-populated\">\n\t\t\t\t\t\t<div class=\"elementor-element elementor-element-19129db elementor-widget elementor-widget-spacer\" data-id=\"19129db\" data-element_type=\"widget\" data-widget_type=\"spacer.default\">\n\t\t\t\t<div class=\"elementor-widget-container\">\n\t\t\t\t\t\t\t<div class=\"elementor-spacer\">\n\t\t\t<div class=\"elementor-spacer-inner\"><\/div>\n\t\t<\/div>\n\t\t\t\t\t\t<\/div>\n\t\t\t\t<\/div>\n\t\t\t\t<div class=\"elementor-element elementor-element-443f6fe elementor-widget elementor-widget-html\" data-id=\"443f6fe\" data-element_type=\"widget\" data-widget_type=\"html.default\">\n\t\t\t\t<div class=\"elementor-widget-container\">\n\t\t\t\t\t<iframe src=\"https:\/\/www.facebook.com\/plugins\/video.php?height=314&href=https%3A%2F%2Fwww.facebook.com%2Fgobernacionsanmarcosoficial%2Fvideos%2F2458941584272186%2F&show_text=false&width=560&t=0\" width=\"560\" height=\"560\" style=\"border:none;overflow:hidden\" scrolling=\"no\" frameborder=\"0\" allowfullscreen=\"true\" allow=\"autoplay; clipboard-write; encrypted-media; picture-in-picture; web-share\" allowFullScreen=\"true\"><\/iframe>\t\t\t\t<\/div>\n\t\t\t\t<\/div>\n\t\t\t\t\t<\/div>\n\t\t<\/div>\n\t\t\t\t\t<\/div>\n\t\t<\/section>\n\t\t\t\t<\/div>\n\t\t","protected":false},"excerpt":{"rendered":"<p>La Gobernaci\u00f3n Departamental de San Marcos, encabez\u00f3 el acto conmemorativo del D\u00eda por La Vida y la Institucionalidad de la Familia seg\u00fan Decreto 9-2022, en el que se establece que los tres organismos de Estado deber\u00e1n implementar acciones que resalten la importancia del respeto por la vida y la familia, principalmente accionar al no aborto [&hellip;]<\/p>\n","protected":false},"author":3,"featured_media":2493,"comment_status":"closed","ping_status":"closed","sticky":false,"template":"","format":"standard","meta":{"site-sidebar-layout":"default","site-content-layout":"","ast-site-content-layout":"","site-content-style":"default","site-sidebar-style":"default","ast-global-header-display":"","ast-banner-title-visibility":"","ast-main-header-display":"","ast-hfb-above-header-display":"","ast-hfb-below-header-display":"","ast-hfb-mobile-header-display":"","site-post-title":"","ast-breadcrumbs-content":"","ast-featured-img":"disabled","footer-sml-layout":"","theme-transparent-header-meta":"","adv-header-id-meta":"","stick-header-meta":"","header-above-stick-meta":"","header-main-stick-meta":"","header-below-stick-meta":"","astra-migrate-meta-layouts":"default","ast-page-background-enabled":"default","ast-page-background-meta":{"desktop":{"background-color":"","background-image":"","background-repeat":"repeat","background-position":"center center","background-size":"auto","background-attachment":"scroll","background-type":"","background-media":"","overlay-type":"","overlay-color":"","overlay-opacity":"","overlay-gradient":""},"tablet":{"background-color":"","background-image":"","background-repeat":"repeat","background-position":"center center","background-size":"auto","background-attachment":"scroll","background-type":"","background-media":"","overlay-type":"","overlay-color":"","overlay-opacity":"","overlay-gradient":""},"mobile":{"background-color":"","background-image":"","background-repeat":"repeat","background-position":"center center","background-size":"auto","background-attachment":"scroll","background-type":"","background-media":"","overlay-type":"","overlay-color":"","overlay-opacity":"","overlay-gradient":""}},"ast-content-background-meta":{"desktop":{"background-color":"var(--ast-global-color-5)","background-image":"","background-repeat":"repeat","background-position":"center center","background-size":"auto","background-attachment":"scroll","background-type":"","background-media":"","overlay-type":"","overlay-color":"","overlay-opacity":"","overlay-gradient":""},"tablet":{"background-color":"var(--ast-global-color-5)","background-image":"","background-repeat":"repeat","background-position":"center center","background-size":"auto","background-attachment":"scroll","background-type":"","background-media":"","overlay-type":"","overlay-color":"","overlay-opacity":"","overlay-gradient":""},"mobile":{"background-color":"var(--ast-global-color-5)","background-image":"","background-repeat":"repeat","background-position":"center center","background-size":"auto","background-attachment":"scroll","background-type":"","background-media":"","overlay-type":"","overlay-color":"","overlay-opacity":"","overlay-gradient":""}},"footnotes":""},"categories":[9],"tags":[],"class_list":["post-2491","post","type-post","status-publish","format-standard","has-post-thumbnail","hentry","category-noticias"],"_links":{"self":[{"href":"https:\/\/gobernacionsanmarcos.gob.gt\/wp\/wp-json\/wp\/v2\/posts\/2491","targetHints":{"allow":["GET"]}}],"collection":[{"href":"https:\/\/gobernacionsanmarcos.gob.gt\/wp\/wp-json\/wp\/v2\/posts"}],"about":[{"href":"https:\/\/gobernacionsanmarcos.gob.gt\/wp\/wp-json\/wp\/v2\/types\/post"}],"author":[{"embeddable":true,"href":"https:\/\/gobernacionsanmarcos.gob.gt\/wp\/wp-json\/wp\/v2\/users\/3"}],"replies":[{"embeddable":true,"href":"https:\/\/gobernacionsanmarcos.gob.gt\/wp\/wp-json\/wp\/v2\/comments?post=2491"}],"version-history":[{"count":10,"href":"https:\/\/gobernacionsanmarcos.gob.gt\/wp\/wp-json\/wp\/v2\/posts\/2491\/revisions"}],"predecessor-version":[{"id":2506,"href":"https:\/\/gobernacionsanmarcos.gob.gt\/wp\/wp-json\/wp\/v2\/posts\/2491\/revisions\/2506"}],"wp:featuredmedia":[{"embeddable":true,"href":"https:\/\/gobernacionsanmarcos.gob.gt\/wp\/wp-json\/wp\/v2\/media\/2493"}],"wp:attachment":[{"href":"https:\/\/gobernacionsanmarcos.gob.gt\/wp\/wp-json\/wp\/v2\/media?parent=2491"}],"wp:term":[{"taxonomy":"category","embeddable":true,"href":"https:\/\/gobernacionsanmarcos.gob.gt\/wp\/wp-json\/wp\/v2\/categories?post=2491"},{"taxonomy":"post_tag","embeddable":true,"href":"https:\/\/gobernacionsanmarcos.gob.gt\/wp\/wp-json\/wp\/v2\/tags?post=2491"}],"curies":[{"name":"wp","href":"https:\/\/api.w.org\/{rel}","templated":true}]}}